{"id":1226,"date":"2025-10-03T06:22:59","date_gmt":"2025-10-03T06:22:59","guid":{"rendered":"http:\/\/tobiasohmann.de\/?p=1226"},"modified":"2025-11-03T13:15:22","modified_gmt":"2025-11-03T13:15:22","slug":"tobis-abenteuertag-in-den-bergen","status":"publish","type":"post","link":"https:\/\/tobiasohmann.de\/en\/tobis-abenteuertag-in-den-bergen","title":{"rendered":"Bergsee Adventure Camp \/\/ Fr\u00fchjahr 2026"},"content":{"rendered":"<h2 data-start=\"195\" data-end=\"270\"><strong data-start=\"198\" data-end=\"270\">Abenteuer im alten Steinbruch \u2013 ein Tag voller Mut, Spa\u00df und Wildnis<\/strong><\/h2>\n<p data-start=\"272\" data-end=\"634\">Ein stillgelegter Steinbruch mit t\u00fcrkisgr\u00fcnem See, hohen Felsen, geheimnisvollen H\u00f6hlen und dichtem Wald \u2013 besser k\u00f6nnte ein Abenteuerspielplatz f\u00fcr echte Entdecker:innen kaum aussehen. Genau hier findet mein <strong data-start=\"481\" data-end=\"504\">Wildnistag mit Tobi <\/strong>statt: ein au\u00dfergew\u00f6hnliches Erlebnis f\u00fcr Kinder und Familien, die Lust auf Bewegung, Natur und kleine Herausforderungen haben.<\/p>\n<h3 data-start=\"636\" data-end=\"686\"><strong data-start=\"640\" data-end=\"686\">Ein Ort, an dem man \u00fcber sich hinausw\u00e4chst<\/strong><\/h3>\n<p data-start=\"687\" data-end=\"1028\">Die Umgebung ist spektakul\u00e4r und rau \u2013 perfekt, um Grenzen auszutesten und Neues zu lernen. Unter meiner Anleitung wagen wir uns an steile Klippen, klettern \u00fcber Felsen, balancieren \u00fcber wackelige Br\u00fccken und rutschen an Seilen hinab. Dabei geht es nicht um Leistung, sondern um Teamgeist, Mut und das Vertrauen in die eigenen F\u00e4higkeiten.<\/p>\n<p data-start=\"1030\" data-end=\"1368\">Zwischendurch zeige ich euch, wie man sich mit Karte und Kompass orientiert, wie man ohne Streichh\u00f6lzer Feuer macht und wie man drau\u00dfen mit einfachen Mitteln zurechtkommt. Ganz wie die Kids in der TV-Sendung <em data-start=\"1238\" data-end=\"1257\">Durch die Wildnis<\/em> lernt ihr, Verantwortung zu \u00fcbernehmen, euch gegenseitig zu unterst\u00fctzen und in der Natur sicher zu handeln.<\/p>\n<h3 data-start=\"1370\" data-end=\"1397\"><strong data-start=\"1374\" data-end=\"1397\">Ein Tag, der bleibt<\/strong><\/h3>\n<p data-start=\"1398\" data-end=\"1659\">Am Ende des Tages nehmt ihr nicht nur jede Menge neuer F\u00e4higkeiten und Erinnerungen mit nach Hause, sondern auch euer ganz pers\u00f6nliches <strong data-start=\"1534\" data-end=\"1555\">Wildniszertifikat<\/strong> \u2013 als Andenken an einen Tag, an dem ihr etwas \u00fcber die Natur, das Leben und euch selbst gelernt habt.<\/p>\n<p data-start=\"1661\" data-end=\"1858\">Begleitet werdet ihr den ganzen Tag von mir pers\u00f6nlich. Mit Erfahrung, Humor und Begeisterung sorge ich daf\u00fcr, dass ihr euch sicher f\u00fchlt, Spa\u00df habt und mit einem breiten Grinsen nach Hause geht.<\/p>\n<h3 data-start=\"1860\" data-end=\"1903\"><strong data-start=\"1864\" data-end=\"1903\">F\u00fcr wen ist das Abenteuer geeignet?<\/strong><\/h3>\n<p data-start=\"1904\" data-end=\"2162\">Das Erlebnis richtet sich an <strong data-start=\"1933\" data-end=\"1996\">naturbegeisterte Familien mit Kindern ab etwa sieben Jahren<\/strong>, die gemeinsam drau\u00dfen aktiv sein wollen. Vorkenntnisse sind nicht n\u00f6tig \u2013 jede:r findet hier die passende Herausforderung, egal ob Anf\u00e4nger:in oder Outdoor-Profi.<\/p>\n<h3 data-start=\"2164\" data-end=\"2181\"><strong data-start=\"2168\" data-end=\"2181\">Anmeldung<\/strong><\/h3>\n<p data-start=\"2182\" data-end=\"2340\">Neugierig geworden? Dann sichert euch jetzt euren Platz f\u00fcr dieses besondere Familienabenteuer.<br data-start=\"2277\" data-end=\"2280\" \/><a href=\"https:\/\/tobiasohmann.de\/en\/kontakt\/\"><strong data-start=\"2280\" data-end=\"2300\">Anmeldung \u00fcber das Kontaktformular<\/strong><\/a><\/p>\n<div data-carousel-extra='{\"blog_id\":1,\"permalink\":\"https:\\\/\\\/tobiasohmann.de\\\/en\\\/tobis-abenteuertag-in-den-bergen\"}' id='gallery-1' class='gallery galleryid-1226 gallery-columns-3 gallery-size-thumbnail'><figure class='gallery-item'>\n\t\t\t<div class='gallery-icon landscape'>\n\t\t\t\t<a href='https:\/\/i0.wp.com\/tobiasohmann.de\/wp-content\/uploads\/2018\/03\/DSC01786_web.jpg?fit=1520%2C1080&ssl=1' title=\"\" data-rl_title=\"\" class=\"rl-gallery-link\" data-rl_caption=\"\" data-rel=\"lightbox-gallery-1\"><img decoding=\"async\" width=\"150\" height=\"150\" src=\"https:\/\/i0.wp.com\/tobiasohmann.de\/wp-content\/uploads\/2018\/03\/DSC01786_web.jpg?resize=150%2C150&amp;ssl=1\" class=\"attachment-thumbnail size-thumbnail\" alt=\"\" srcset=\"https:\/\/i0.wp.com\/tobiasohmann.de\/wp-content\/uploads\/2018\/03\/DSC01786_web.jpg?resize=150%2C150&amp;ssl=1 150w, https:\/\/i0.wp.com\/tobiasohmann.de\/wp-content\/uploads\/2018\/03\/DSC01786_web.jpg?zoom=2&amp;resize=150%2C150&amp;ssl=1 300w, https:\/\/i0.wp.com\/tobiasohmann.de\/wp-content\/uploads\/2018\/03\/DSC01786_web.jpg?zoom=3&amp;resize=150%2C150&amp;ssl=1 450w\" sizes=\"(max-width: 150px) 100vw, 150px\" data-attachment-id=\"1303\" data-permalink=\"https:\/\/tobiasohmann.de\/en\/tobis-abenteuertag-in-den-bergen\/sony-dsc-3\" data-orig-file=\"https:\/\/i0.wp.com\/tobiasohmann.de\/wp-content\/uploads\/2018\/03\/DSC01786_web.jpg?fit=1520%2C1080&amp;ssl=1\" data-orig-size=\"1520,1080\" data-comments-opened=\"0\" data-image-meta=\"{&quot;aperture&quot;:&quot;9&quot;,&quot;credit&quot;:&quot;&quot;,&quot;camera&quot;:&quot;NEX-3&quot;,&quot;caption&quot;:&quot;SONY DSC&quot;,&quot;created_timestamp&quot;:&quot;1307120700&quot;,&quot;copyright&quot;:&quot;&quot;,&quot;focal_length&quot;:&quot;18&quot;,&quot;iso&quot;:&quot;200&quot;,&quot;shutter_speed&quot;:&quot;0.00625&quot;,&quot;title&quot;:&quot;SONY DSC&quot;,&quot;orientation&quot;:&quot;1&quot;}\" data-image-title=\"SONY DSC\" data-image-description=\"\" data-image-caption=\"\" data-medium-file=\"https:\/\/i0.wp.com\/tobiasohmann.de\/wp-content\/uploads\/2018\/03\/DSC01786_web.jpg?fit=300%2C213&amp;ssl=1\" data-large-file=\"https:\/\/i0.wp.com\/tobiasohmann.de\/wp-content\/uploads\/2018\/03\/DSC01786_web.jpg?fit=900%2C640&amp;ssl=1\" \/><\/a>\n\t\t\t<\/div><\/figure><figure class='gallery-item'>\n\t\t\t<div class='gallery-icon landscape'>\n\t\t\t\t<a href='https:\/\/i0.wp.com\/tobiasohmann.de\/wp-content\/uploads\/2018\/03\/BergseeGalerie-3.jpg?fit=800%2C600&ssl=1' title=\"\" data-rl_title=\"\" class=\"rl-gallery-link\" data-rl_caption=\"\" data-rel=\"lightbox-gallery-1\"><img decoding=\"async\" width=\"150\" height=\"150\" src=\"https:\/\/i0.wp.com\/tobiasohmann.de\/wp-content\/uploads\/2018\/03\/BergseeGalerie-3.jpg?resize=150%2C150&amp;ssl=1\" class=\"attachment-thumbnail size-thumbnail\" alt=\"\" srcset=\"https:\/\/i0.wp.com\/tobiasohmann.de\/wp-content\/uploads\/2018\/03\/BergseeGalerie-3.jpg?resize=150%2C150&amp;ssl=1 150w, https:\/\/i0.wp.com\/tobiasohmann.de\/wp-content\/uploads\/2018\/03\/BergseeGalerie-3.jpg?zoom=2&amp;resize=150%2C150&amp;ssl=1 300w, https:\/\/i0.wp.com\/tobiasohmann.de\/wp-content\/uploads\/2018\/03\/BergseeGalerie-3.jpg?zoom=3&amp;resize=150%2C150&amp;ssl=1 450w\" sizes=\"(max-width: 150px) 100vw, 150px\" data-attachment-id=\"1295\" data-permalink=\"https:\/\/tobiasohmann.de\/en\/tobis-abenteuertag-in-den-bergen\/bergseegalerie-3\" data-orig-file=\"https:\/\/i0.wp.com\/tobiasohmann.de\/wp-content\/uploads\/2018\/03\/BergseeGalerie-3.jpg?fit=800%2C600&amp;ssl=1\" data-orig-size=\"800,600\" data-comments-opened=\"0\" data-image-meta=\"{&quot;aperture&quot;:&quot;0&quot;,&quot;credit&quot;:&quot;&quot;,&quot;camera&quot;:&quot;&quot;,&quot;caption&quot;:&quot;&quot;,&quot;created_timestamp&quot;:&quot;0&quot;,&quot;copyright&quot;:&quot;&quot;,&quot;focal_length&quot;:&quot;0&quot;,&quot;iso&quot;:&quot;0&quot;,&quot;shutter_speed&quot;:&quot;0&quot;,&quot;title&quot;:&quot;&quot;,&quot;orientation&quot;:&quot;1&quot;}\" data-image-title=\"BergseeGalerie (3)\" data-image-description=\"\" data-image-caption=\"\" data-medium-file=\"https:\/\/i0.wp.com\/tobiasohmann.de\/wp-content\/uploads\/2018\/03\/BergseeGalerie-3.jpg?fit=300%2C225&amp;ssl=1\" data-large-file=\"https:\/\/i0.wp.com\/tobiasohmann.de\/wp-content\/uploads\/2018\/03\/BergseeGalerie-3.jpg?fit=800%2C600&amp;ssl=1\" \/><\/a>\n\t\t\t<\/div><\/figure><figure class='gallery-item'>\n\t\t\t<div class='gallery-icon landscape'>\n\t\t\t\t<a href='https:\/\/i0.wp.com\/tobiasohmann.de\/wp-content\/uploads\/2018\/03\/BergseeGalerie-8-1.jpg?fit=800%2C600&ssl=1' title=\"\" data-rl_title=\"\" class=\"rl-gallery-link\" data-rl_caption=\"\" data-rel=\"lightbox-gallery-1\"><img decoding=\"async\" width=\"150\" height=\"150\" src=\"https:\/\/i0.wp.com\/tobiasohmann.de\/wp-content\/uploads\/2018\/03\/BergseeGalerie-8-1.jpg?resize=150%2C150&amp;ssl=1\" class=\"attachment-thumbnail size-thumbnail\" alt=\"\" srcset=\"https:\/\/i0.wp.com\/tobiasohmann.de\/wp-content\/uploads\/2018\/03\/BergseeGalerie-8-1.jpg?resize=150%2C150&amp;ssl=1 150w, https:\/\/i0.wp.com\/tobiasohmann.de\/wp-content\/uploads\/2018\/03\/BergseeGalerie-8-1.jpg?zoom=2&amp;resize=150%2C150&amp;ssl=1 300w, https:\/\/i0.wp.com\/tobiasohmann.de\/wp-content\/uploads\/2018\/03\/BergseeGalerie-8-1.jpg?zoom=3&amp;resize=150%2C150&amp;ssl=1 450w\" sizes=\"(max-width: 150px) 100vw, 150px\" data-attachment-id=\"1297\" data-permalink=\"https:\/\/tobiasohmann.de\/en\/tobis-abenteuertag-in-den-bergen\/bergseegalerie-8-2\" data-orig-file=\"https:\/\/i0.wp.com\/tobiasohmann.de\/wp-content\/uploads\/2018\/03\/BergseeGalerie-8-1.jpg?fit=800%2C600&amp;ssl=1\" data-orig-size=\"800,600\" data-comments-opened=\"0\" data-image-meta=\"{&quot;aperture&quot;:&quot;2.8&quot;,&quot;credit&quot;:&quot;&quot;,&quot;camera&quot;:&quot;Canon DIGITAL IXUS 75&quot;,&quot;caption&quot;:&quot;&quot;,&quot;created_timestamp&quot;:&quot;1210430660&quot;,&quot;copyright&quot;:&quot;&quot;,&quot;focal_length&quot;:&quot;5.8&quot;,&quot;iso&quot;:&quot;80&quot;,&quot;shutter_speed&quot;:&quot;0.00625&quot;,&quot;title&quot;:&quot;&quot;,&quot;orientation&quot;:&quot;1&quot;}\" data-image-title=\"BergseeGalerie (8)\" data-image-description=\"\" data-image-caption=\"\" data-medium-file=\"https:\/\/i0.wp.com\/tobiasohmann.de\/wp-content\/uploads\/2018\/03\/BergseeGalerie-8-1.jpg?fit=300%2C225&amp;ssl=1\" data-large-file=\"https:\/\/i0.wp.com\/tobiasohmann.de\/wp-content\/uploads\/2018\/03\/BergseeGalerie-8-1.jpg?fit=800%2C600&amp;ssl=1\" \/><\/a>\n\t\t\t<\/div><\/figure><figure class='gallery-item'>\n\t\t\t<div class='gallery-icon landscape'>\n\t\t\t\t<a href='https:\/\/i0.wp.com\/tobiasohmann.de\/wp-content\/uploads\/2018\/03\/BergseeGalerie-4-1.jpg?fit=800%2C600&ssl=1' title=\"\" data-rl_title=\"\" class=\"rl-gallery-link\" data-rl_caption=\"\" data-rel=\"lightbox-gallery-1\"><img loading=\"lazy\" decoding=\"async\" width=\"150\" height=\"150\" src=\"https:\/\/i0.wp.com\/tobiasohmann.de\/wp-content\/uploads\/2018\/03\/BergseeGalerie-4-1.jpg?resize=150%2C150&amp;ssl=1\" class=\"attachment-thumbnail size-thumbnail\" alt=\"\" srcset=\"https:\/\/i0.wp.com\/tobiasohmann.de\/wp-content\/uploads\/2018\/03\/BergseeGalerie-4-1.jpg?resize=150%2C150&amp;ssl=1 150w, https:\/\/i0.wp.com\/tobiasohmann.de\/wp-content\/uploads\/2018\/03\/BergseeGalerie-4-1.jpg?zoom=2&amp;resize=150%2C150&amp;ssl=1 300w, https:\/\/i0.wp.com\/tobiasohmann.de\/wp-content\/uploads\/2018\/03\/BergseeGalerie-4-1.jpg?zoom=3&amp;resize=150%2C150&amp;ssl=1 450w\" sizes=\"(max-width: 150px) 100vw, 150px\" data-attachment-id=\"1296\" data-permalink=\"https:\/\/tobiasohmann.de\/en\/tobis-abenteuertag-in-den-bergen\/bergseegalerie-4-2\" data-orig-file=\"https:\/\/i0.wp.com\/tobiasohmann.de\/wp-content\/uploads\/2018\/03\/BergseeGalerie-4-1.jpg?fit=800%2C600&amp;ssl=1\" data-orig-size=\"800,600\" data-comments-opened=\"0\" data-image-meta=\"{&quot;aperture&quot;:&quot;6.3&quot;,&quot;credit&quot;:&quot;&quot;,&quot;camera&quot;:&quot;CYBERSHOT&quot;,&quot;caption&quot;:&quot;&quot;,&quot;created_timestamp&quot;:&quot;1028030144&quot;,&quot;copyright&quot;:&quot;&quot;,&quot;focal_length&quot;:&quot;13.8&quot;,&quot;iso&quot;:&quot;100&quot;,&quot;shutter_speed&quot;:&quot;0.016666666666667&quot;,&quot;title&quot;:&quot;&quot;,&quot;orientation&quot;:&quot;1&quot;}\" data-image-title=\"BergseeGalerie (4)\" data-image-description=\"\" data-image-caption=\"\" data-medium-file=\"https:\/\/i0.wp.com\/tobiasohmann.de\/wp-content\/uploads\/2018\/03\/BergseeGalerie-4-1.jpg?fit=300%2C225&amp;ssl=1\" data-large-file=\"https:\/\/i0.wp.com\/tobiasohmann.de\/wp-content\/uploads\/2018\/03\/BergseeGalerie-4-1.jpg?fit=800%2C600&amp;ssl=1\" \/><\/a>\n\t\t\t<\/div><\/figure><figure class='gallery-item'>\n\t\t\t<div class='gallery-icon landscape'>\n\t\t\t\t<a href='https:\/\/i0.wp.com\/tobiasohmann.de\/wp-content\/uploads\/2018\/03\/BergseeGalerie-12-1.jpg?fit=800%2C600&ssl=1' title=\"\" data-rl_title=\"\" class=\"rl-gallery-link\" data-rl_caption=\"\" data-rel=\"lightbox-gallery-1\"><img loading=\"lazy\" decoding=\"async\" width=\"150\" height=\"150\" src=\"https:\/\/i0.wp.com\/tobiasohmann.de\/wp-content\/uploads\/2018\/03\/BergseeGalerie-12-1.jpg?resize=150%2C150&amp;ssl=1\" class=\"attachment-thumbnail size-thumbnail\" alt=\"\" srcset=\"https:\/\/i0.wp.com\/tobiasohmann.de\/wp-content\/uploads\/2018\/03\/BergseeGalerie-12-1.jpg?resize=150%2C150&amp;ssl=1 150w, https:\/\/i0.wp.com\/tobiasohmann.de\/wp-content\/uploads\/2018\/03\/BergseeGalerie-12-1.jpg?zoom=2&amp;resize=150%2C150&amp;ssl=1 300w, https:\/\/i0.wp.com\/tobiasohmann.de\/wp-content\/uploads\/2018\/03\/BergseeGalerie-12-1.jpg?zoom=3&amp;resize=150%2C150&amp;ssl=1 450w\" sizes=\"(max-width: 150px) 100vw, 150px\" data-attachment-id=\"1301\" data-permalink=\"https:\/\/tobiasohmann.de\/en\/tobis-abenteuertag-in-den-bergen\/bergseegalerie-12-2\" data-orig-file=\"https:\/\/i0.wp.com\/tobiasohmann.de\/wp-content\/uploads\/2018\/03\/BergseeGalerie-12-1.jpg?fit=800%2C600&amp;ssl=1\" data-orig-size=\"800,600\" data-comments-opened=\"0\" data-image-meta=\"{&quot;aperture&quot;:&quot;2.8&quot;,&quot;credit&quot;:&quot;&quot;,&quot;camera&quot;:&quot;Canon DIGITAL IXUS 75&quot;,&quot;caption&quot;:&quot;&quot;,&quot;created_timestamp&quot;:&quot;1210418472&quot;,&quot;copyright&quot;:&quot;&quot;,&quot;focal_length&quot;:&quot;5.8&quot;,&quot;iso&quot;:&quot;80&quot;,&quot;shutter_speed&quot;:&quot;0.004&quot;,&quot;title&quot;:&quot;&quot;,&quot;orientation&quot;:&quot;1&quot;}\" data-image-title=\"BergseeGalerie (12)\" data-image-description=\"\" data-image-caption=\"\" data-medium-file=\"https:\/\/i0.wp.com\/tobiasohmann.de\/wp-content\/uploads\/2018\/03\/BergseeGalerie-12-1.jpg?fit=300%2C225&amp;ssl=1\" data-large-file=\"https:\/\/i0.wp.com\/tobiasohmann.de\/wp-content\/uploads\/2018\/03\/BergseeGalerie-12-1.jpg?fit=800%2C600&amp;ssl=1\" \/><\/a>\n\t\t\t<\/div><\/figure><figure class='gallery-item'>\n\t\t\t<div class='gallery-icon landscape'>\n\t\t\t\t<a href='https:\/\/i0.wp.com\/tobiasohmann.de\/wp-content\/uploads\/2018\/03\/BergseeGalerie-14-1.jpg?fit=800%2C600&ssl=1' title=\"\" data-rl_title=\"\" class=\"rl-gallery-link\" data-rl_caption=\"\" data-rel=\"lightbox-gallery-1\"><img loading=\"lazy\" decoding=\"async\" width=\"150\" height=\"150\" src=\"https:\/\/i0.wp.com\/tobiasohmann.de\/wp-content\/uploads\/2018\/03\/BergseeGalerie-14-1.jpg?resize=150%2C150&amp;ssl=1\" class=\"attachment-thumbnail size-thumbnail\" alt=\"\" srcset=\"https:\/\/i0.wp.com\/tobiasohmann.de\/wp-content\/uploads\/2018\/03\/BergseeGalerie-14-1.jpg?resize=150%2C150&amp;ssl=1 150w, https:\/\/i0.wp.com\/tobiasohmann.de\/wp-content\/uploads\/2018\/03\/BergseeGalerie-14-1.jpg?resize=300%2C300&amp;ssl=1 300w, https:\/\/i0.wp.com\/tobiasohmann.de\/wp-content\/uploads\/2018\/03\/BergseeGalerie-14-1.jpg?resize=100%2C100&amp;ssl=1 100w, https:\/\/i0.wp.com\/tobiasohmann.de\/wp-content\/uploads\/2018\/03\/BergseeGalerie-14-1.jpg?zoom=3&amp;resize=150%2C150&amp;ssl=1 450w\" sizes=\"(max-width: 150px) 100vw, 150px\" data-attachment-id=\"1298\" data-permalink=\"https:\/\/tobiasohmann.de\/en\/tobis-abenteuertag-in-den-bergen\/bergseegalerie-14-2\" data-orig-file=\"https:\/\/i0.wp.com\/tobiasohmann.de\/wp-content\/uploads\/2018\/03\/BergseeGalerie-14-1.jpg?fit=800%2C600&amp;ssl=1\" data-orig-size=\"800,600\" data-comments-opened=\"0\" data-image-meta=\"{&quot;aperture&quot;:&quot;5.6&quot;,&quot;credit&quot;:&quot;&quot;,&quot;camera&quot;:&quot;Canon EOS 1000D&quot;,&quot;caption&quot;:&quot;&quot;,&quot;created_timestamp&quot;:&quot;1250718226&quot;,&quot;copyright&quot;:&quot;&quot;,&quot;focal_length&quot;:&quot;55&quot;,&quot;iso&quot;:&quot;640&quot;,&quot;shutter_speed&quot;:&quot;1&quot;,&quot;title&quot;:&quot;&quot;,&quot;orientation&quot;:&quot;1&quot;}\" data-image-title=\"BergseeGalerie (14)\" data-image-description=\"\" data-image-caption=\"\" data-medium-file=\"https:\/\/i0.wp.com\/tobiasohmann.de\/wp-content\/uploads\/2018\/03\/BergseeGalerie-14-1.jpg?fit=300%2C225&amp;ssl=1\" data-large-file=\"https:\/\/i0.wp.com\/tobiasohmann.de\/wp-content\/uploads\/2018\/03\/BergseeGalerie-14-1.jpg?fit=800%2C600&amp;ssl=1\" \/><\/a>\n\t\t\t<\/div><\/figure>\n\t\t<\/div>\n\n<p>&nbsp;<\/p>","protected":false},"excerpt":{"rendered":"<p>Abenteuer im alten Steinbruch \u2013 ein Tag voller Mut, Spa\u00df und Wildnis Ein stillgelegter Steinbruch mit t\u00fcrkisgr\u00fcnem See, hohen Felsen, geheimnisvollen H\u00f6hlen und dichtem Wald \u2013 besser k\u00f6nnte ein Abenteuerspielplatz [&hellip;]<\/p>","protected":false},"author":1,"featured_media":1227,"comment_status":"closed","ping_status":"open","sticky":false,"template":"","format":"standard","meta":{"content-type":"","spay_email":"","footnotes":"","jetpack_publicize_message":"","jetpack_is_tweetstorm":false,"jetpack_publicize_feature_enabled":true},"categories":[29,4],"tags":[35,39,34,24,38],"class_list":["post-1226","post","type-post","status-publish","format-standard","has-post-thumbnail","hentry","category-kurse","category-veranstaltungen","tag-abenteuer","tag-event","tag-kinder","tag-outdoor","tag-veranstaltung"],"jetpack_featured_media_url":"https:\/\/i0.wp.com\/tobiasohmann.de\/wp-content\/uploads\/2018\/03\/BergseeGalerie-10.jpg?fit=800%2C600&ssl=1","jetpack_publicize_connections":[],"jetpack_sharing_enabled":true,"jetpack_shortlink":"https:\/\/wp.me\/p9Ihiq-jM","jetpack_likes_enabled":true,"_links":{"self":[{"href":"https:\/\/tobiasohmann.de\/en\/wp-json\/wp\/v2\/posts\/1226","targetHints":{"allow":["GET"]}}],"collection":[{"href":"https:\/\/tobiasohmann.de\/en\/wp-json\/wp\/v2\/posts"}],"about":[{"href":"https:\/\/tobiasohmann.de\/en\/wp-json\/wp\/v2\/types\/post"}],"author":[{"embeddable":true,"href":"https:\/\/tobiasohmann.de\/en\/wp-json\/wp\/v2\/users\/1"}],"replies":[{"embeddable":true,"href":"https:\/\/tobiasohmann.de\/en\/wp-json\/wp\/v2\/comments?post=1226"}],"version-history":[{"count":12,"href":"https:\/\/tobiasohmann.de\/en\/wp-json\/wp\/v2\/posts\/1226\/revisions"}],"predecessor-version":[{"id":9106,"href":"https:\/\/tobiasohmann.de\/en\/wp-json\/wp\/v2\/posts\/1226\/revisions\/9106"}],"wp:featuredmedia":[{"embeddable":true,"href":"https:\/\/tobiasohmann.de\/en\/wp-json\/wp\/v2\/media\/1227"}],"wp:attachment":[{"href":"https:\/\/tobiasohmann.de\/en\/wp-json\/wp\/v2\/media?parent=1226"}],"wp:term":[{"taxonomy":"category","embeddable":true,"href":"https:\/\/tobiasohmann.de\/en\/wp-json\/wp\/v2\/categories?post=1226"},{"taxonomy":"post_tag","embeddable":true,"href":"https:\/\/tobiasohmann.de\/en\/wp-json\/wp\/v2\/tags?post=1226"}],"curies":[{"name":"wp","href":"https:\/\/api.w.org\/{rel}","templated":true}]}}